{"id":3419,"date":"2026-03-13T10:59:13","date_gmt":"2026-03-13T10:59:13","guid":{"rendered":"https:\/\/estudioletras.com\/?p=3419"},"modified":"2026-03-13T10:59:15","modified_gmt":"2026-03-13T10:59:15","slug":"dia-do-consumidor-para-pequenas-empresas","status":"publish","type":"post","link":"https:\/\/estudioletras.com\/pt\/dia-do-consumidor-para-pequenas-empresas\/","title":{"rendered":"O Dia do Consumidor tamb\u00e9m \u00e9 uma oportunidade para pequenas empresas"},"content":{"rendered":"<p>Embora muitas campanhas sejam dominadas por grandes marketplaces, os dados mostram que pequenos neg\u00f3cios tamb\u00e9m participam desse crescimento. <\/p>\n\n\n\n<p>Esse movimento mostra que o mercado j\u00e1 reconhece a data como uma esp\u00e9cie de <strong>\u201cBlack Friday do primeiro semestre\u201d<\/strong>, o que tem levado muitas marcas brasileiras a ampliar as campanhas para uma semana inteira ou at\u00e9 para o chamado <strong>M\u00eas do Consumidor<\/strong><\/p>\n\n\n\n<p>Em 2025, <strong>pequenas e m\u00e9dias empresas no Brasil faturaram R$ 124,5 milh\u00f5es durante a Semana do Consumidor<\/strong>, um crescimento de <strong>41% em rela\u00e7\u00e3o ao ano anterior<\/strong>, segundo dados da plataforma <a href=\"https:\/\/www.nuvemshop.com.br\/\" data-type=\"link\" data-id=\"https:\/\/www.nuvemshop.com.br\/\" target=\"_blank\" rel=\"noopener\">Nuvemshop<\/a>.<\/p>\n\n\n\n<p>Esse n\u00famero revela algo importante: a data n\u00e3o \u00e9 relevante apenas para grandes opera\u00e7\u00f5es de e-commerce. Com estrat\u00e9gia adequada, ela pode ser <strong>uma oportunidade real de crescimento para empresas menores<\/strong>.<\/p>\n\n\n\n<p>Mas isso exige uma mudan\u00e7a de mentalidade.<br>Datas comerciais n\u00e3o devem ser tratadas apenas como <strong>momentos de liquida\u00e7\u00e3o<\/strong>, mas como <strong>ativos estrat\u00e9gicos de comunica\u00e7\u00e3o e relacionamento<\/strong>.<\/p>\n\n\n\n<h2 class=\"wp-block-heading\">O erro mais comum: reduzir a data a descontos<\/h2>\n\n\n\n<p>Quando o assunto \u00e9 o Dia do Consumidor, muitas empresas automaticamente pensam em <strong>promo\u00e7\u00f5es agressivas<\/strong>.<\/p>\n\n\n\n<p>O problema \u00e9 que competir exclusivamente em pre\u00e7o tende a favorecer quem j\u00e1 possui maior escala, margem e poder de negocia\u00e7\u00e3o, ou seja, geralmente grandes varejistas.<\/p>\n\n\n\n<p>Para pequenas empresas, essa l\u00f3gica pode ser pouco sustent\u00e1vel.<\/p>\n\n\n\n<p>Mais do que descontos, o verdadeiro valor de uma data comercial est\u00e1 em tr\u00eas dimens\u00f5es estrat\u00e9gicas:<\/p>\n\n\n\n<ul class=\"wp-block-list\">\n<li><strong>visibilidade<\/strong><\/li>\n\n\n\n<li><strong>engajamento<\/strong><\/li>\n\n\n\n<li><strong>relacionamento com clientes<\/strong><\/li>\n<\/ul>\n\n\n\n<p>Quando bem trabalhadas, essas dimens\u00f5es produzem resultados que v\u00e3o muito al\u00e9m de uma venda pontual.<\/p>\n\n\n\n<h2 class=\"wp-block-heading\">Estrat\u00e9gias inteligentes e o Dia do Consumidor para pequenas empresas<\/h2>\n\n\n\n<p>A seguir est\u00e3o algumas abordagens que permitem transformar a data em uma a\u00e7\u00e3o estrat\u00e9gica, mesmo com or\u00e7amento limitado.<\/p>\n\n\n\n<h3 class=\"wp-block-heading\">1. Refor\u00e7ar o relacionamento com o cliente<\/h3>\n\n\n\n<p>Uma das vantagens competitivas dos pequenos neg\u00f3cios \u00e9 a <strong>proximidade com o p\u00fablico<\/strong>.<\/p>\n\n\n\n<p>O Dia do Consumidor pode ser um momento oportuno para refor\u00e7ar esse v\u00ednculo.<\/p>\n\n\n\n<p>Algumas a\u00e7\u00f5es simples incluem:<\/p>\n\n\n\n<ul class=\"wp-block-list\">\n<li>enviar mensagens de agradecimento para clientes recorrentes<\/li>\n\n\n\n<li>destacar hist\u00f3rias ou depoimentos de clientes nas redes sociais<\/li>\n\n\n\n<li>criar campanhas de reconhecimento para consumidores fi\u00e9is<\/li>\n<\/ul>\n\n\n\n<p>Esse tipo de comunica\u00e7\u00e3o fortalece um elemento cada vez mais valorizado pelo consumidor contempor\u00e2neo: <strong>a conex\u00e3o com a marca<\/strong>.<\/p>\n\n\n\n<h3 class=\"wp-block-heading\">2. Transformar a data em conte\u00fado relevante<\/h3>\n\n\n\n<p>Outra estrat\u00e9gia eficaz \u00e9 utilizar a data como ponto de partida para <strong>conte\u00fado educativo ou \u00fatil para o p\u00fablico<\/strong>.<\/p>\n\n\n\n<p>Dependendo do setor, isso pode incluir:<\/p>\n\n\n\n<ul class=\"wp-block-list\">\n<li>guias pr\u00e1ticos<\/li>\n\n\n\n<li><a href=\"http:\/\/estudioletras.com\/pt\/\" data-type=\"link\" data-id=\"estudioletras.com\">e-books<\/a><\/li>\n\n\n\n<li>tutoriais<\/li>\n\n\n\n<li>recomenda\u00e7\u00f5es de uso de produtos<\/li>\n\n\n\n<li>dicas relacionadas ao estilo de vida do p\u00fablico<\/li>\n<\/ul>\n\n\n\n<p>Al\u00e9m de gerar engajamento, esse tipo de conte\u00fado posiciona a marca como <strong>refer\u00eancia no seu nicho<\/strong>, algo que tem impacto direto tanto em SEO quanto em descoberta org\u00e2nica nas plataformas digitais.<\/p>\n\n\n\n<h3 class=\"wp-block-heading\">3. Criar experi\u00eancias em vez de apenas promo\u00e7\u00f5es<\/h3>\n\n\n\n<p>Em muitos casos, pequenas empresas conseguem gerar mais valor por meio de <strong>experi\u00eancias e personaliza\u00e7\u00e3o<\/strong> do que atrav\u00e9s de descontos.<\/p>\n\n\n\n<p>Algumas possibilidades:<\/p>\n\n\n\n<ul class=\"wp-block-list\">\n<li>brindes simb\u00f3licos para clientes recorrentes<\/li>\n\n\n\n<li>embalagens especiais para pedidos feitos na data<\/li>\n\n\n\n<li>acesso antecipado a lan\u00e7amentos<\/li>\n\n\n\n<li>conte\u00fados exclusivos ou consultorias r\u00e1pidas<\/li>\n<\/ul>\n\n\n\n<p>O objetivo n\u00e3o \u00e9 necessariamente vender mais no curto prazo, mas <strong>gerar mem\u00f3rias e diferencia\u00e7\u00e3o<\/strong>.<\/p>\n\n\n\n<h3 class=\"wp-block-heading\">4. Ativar parcerias com outros neg\u00f3cios<\/h3>\n\n\n\n<p>Outro caminho interessante \u00e9 a <strong>colabora\u00e7\u00e3o entre marcas complementares<\/strong>.<\/p>\n\n\n\n<p>Parcerias entre pequenas empresas podem ampliar o alcance das campanhas e reduzir custos de marketing.<\/p>\n\n\n\n<p>Exemplos incluem:<\/p>\n\n\n\n<ul class=\"wp-block-list\">\n<li>kits ou combos conjuntos<\/li>\n\n\n\n<li>campanhas cruzadas nas redes sociais<\/li>\n\n\n\n<li>sorteios colaborativos<\/li>\n\n\n\n<li>eventos ou lives em parceria<\/li>\n<\/ul>\n\n\n\n<p>Esse tipo de iniciativa fortalece tamb\u00e9m o <strong>ecossistema local de neg\u00f3cios<\/strong>.<\/p>\n\n\n\n<h2 class=\"wp-block-heading\">Mar\u00e7o: quando o Dia do Consumidor encontra o M\u00eas das Mulheres<\/h2>\n\n\n\n<p>Outro aspecto estrat\u00e9gico \u00e9 o contexto do calend\u00e1rio.<\/p>\n\n\n\n<p>Mar\u00e7o tamb\u00e9m abriga o <strong>Dia Internacional da Mulher (8 de mar\u00e7o)<\/strong>, e muitas marcas t\u00eam ampliado as a\u00e7\u00f5es para todo o m\u00eas.<\/p>\n\n\n\n<p>Quando o p\u00fablico da empresa possui forte presen\u00e7a feminina, como em segmentos de moda, beleza, educa\u00e7\u00e3o ou bem-estar, \u00e9 poss\u00edvel integrar as duas agendas em uma narrativa mais consistente.<\/p>\n\n\n\n<p>Algumas abordagens incluem:<\/p>\n\n\n\n<ul class=\"wp-block-list\">\n<li>campanhas que destacam hist\u00f3rias de clientes ou empreendedoras<\/li>\n\n\n\n<li>colabora\u00e7\u00f5es com marcas lideradas por mulheres<\/li>\n\n\n\n<li>conte\u00fados inspiracionais relacionados ao p\u00fablico feminino<\/li>\n\n\n\n<li>a\u00e7\u00f5es especiais voltadas para comunidades de clientes<\/li>\n<\/ul>\n\n\n\n<p>Essa integra\u00e7\u00e3o ajuda a transformar mar\u00e7o em <strong>um per\u00edodo estrat\u00e9gico de comunica\u00e7\u00e3o<\/strong>, em vez de duas a\u00e7\u00f5es isoladas no calend\u00e1rio.<\/p>\n\n\n\n<h2 class=\"wp-block-heading\">O verdadeiro valor das datas comerciais<\/h2>\n\n\n\n<p>O crescimento do Dia do Consumidor para pequenas empresas mostra que o varejo continua criando novos momentos de ativa\u00e7\u00e3o ao longo do ano.<\/p>\n\n\n\n<p>No entanto, o sucesso dessas datas n\u00e3o depende apenas do tamanho da promo\u00e7\u00e3o.<\/p>\n\n\n\n<p>O diferencial competitivo est\u00e1 em <strong>como a marca se comunica, se posiciona e se relaciona com seus clientes<\/strong> e, para pequenas empresas, isso representa uma vantagem significativa.<\/p>\n\n\n\n<p>Com criatividade, consist\u00eancia e uma boa leitura do seu p\u00fablico, o Dia do Consumidor pode deixar de ser apenas mais uma campanha promocional e se tornar <strong>uma oportunidade real de fortalecer marca, comunidade e relacionamento com clientes<\/strong>.<\/p>\n\n\n\n<p><\/p>","protected":false},"excerpt":{"rendered":"<p>Embora muitas campanhas sejam dominadas por grandes marketplaces, os dados mostram que pequenos neg\u00f3cios tamb\u00e9m participam desse crescimento. Esse movimento mostra que o mercado j\u00e1 reconhece a data como uma esp\u00e9cie de \u201cBlack Friday do primeiro semestre\u201d, o que tem levado muitas marcas brasileiras a ampliar as campanhas para uma semana inteira ou at\u00e9 para [&hellip;]<\/p>","protected":false},"author":1,"featured_media":3420,"comment_status":"open","ping_status":"open","sticky":false,"template":"","format":"standard","meta":{"_acf_changed":false,"_joinchat":[],"footnotes":""},"categories":[1],"tags":[],"class_list":["post-3419","post","type-post","status-publish","format-standard","has-post-thumbnail","hentry","category-blog"],"acf":[],"_links":{"self":[{"href":"https:\/\/estudioletras.com\/pt\/wp-json\/wp\/v2\/posts\/3419","targetHints":{"allow":["GET"]}}],"collection":[{"href":"https:\/\/estudioletras.com\/pt\/wp-json\/wp\/v2\/posts"}],"about":[{"href":"https:\/\/estudioletras.com\/pt\/wp-json\/wp\/v2\/types\/post"}],"author":[{"embeddable":true,"href":"https:\/\/estudioletras.com\/pt\/wp-json\/wp\/v2\/users\/1"}],"replies":[{"embeddable":true,"href":"https:\/\/estudioletras.com\/pt\/wp-json\/wp\/v2\/comments?post=3419"}],"version-history":[{"count":1,"href":"https:\/\/estudioletras.com\/pt\/wp-json\/wp\/v2\/posts\/3419\/revisions"}],"predecessor-version":[{"id":3421,"href":"https:\/\/estudioletras.com\/pt\/wp-json\/wp\/v2\/posts\/3419\/revisions\/3421"}],"wp:featuredmedia":[{"embeddable":true,"href":"https:\/\/estudioletras.com\/pt\/wp-json\/wp\/v2\/media\/3420"}],"wp:attachment":[{"href":"https:\/\/estudioletras.com\/pt\/wp-json\/wp\/v2\/media?parent=3419"}],"wp:term":[{"taxonomy":"category","embeddable":true,"href":"https:\/\/estudioletras.com\/pt\/wp-json\/wp\/v2\/categories?post=3419"},{"taxonomy":"post_tag","embeddable":true,"href":"https:\/\/estudioletras.com\/pt\/wp-json\/wp\/v2\/tags?post=3419"}],"curies":[{"name":"wp","href":"https:\/\/api.w.org\/{rel}","templated":true}]}}