{"id":3566,"date":"2026-09-04T15:05:55","date_gmt":"2026-09-04T15:05:55","guid":{"rendered":"https:\/\/estudioletras.com\/?p=3566"},"modified":"2026-09-04T15:06:36","modified_gmt":"2026-09-04T15:06:36","slug":"endomarketing","status":"publish","type":"post","link":"https:\/\/estudioletras.com\/pt\/endomarketing\/","title":{"rendered":"Endomarketing: reflex\u00f5es sobre comunica\u00e7\u00e3o interna e a reputa\u00e7\u00e3o de uma marca"},"content":{"rendered":"<p>Uma empresa pode investir milh\u00f5es em publicidade para dizer ao mercado que valoriza as pessoas, a sustentabilidade, a \u00e9tica e a inova\u00e7\u00e3o. Mas existe um p\u00fablico que conhece essa empresa de uma forma muito mais profunda: <strong>quem trabalha nela<\/strong>.<\/p>\n\n\n\n<p>S\u00e3o os colaboradores que vivem a cultura organizacional todos os dias. Que conhecem os processos, percebem as contradi\u00e7\u00f5es, acompanham as decis\u00f5es e sabem, na pr\u00e1tica, se aquilo que a empresa comunica para fora tamb\u00e9m acontece internamente.<\/p>\n\n\n\n<p>Por isso, falar sobre <strong>endomarketing e comunica\u00e7\u00e3o interna<\/strong> hoje \u00e9 falar tamb\u00e9m sobre reputa\u00e7\u00e3o, cultura e posicionamento de marca.<\/p>\n\n\n\n<p>O colaborador pode ser um dos maiores defensores de uma empresa. Mas tamb\u00e9m pode ser a primeira pessoa a depor contra ela quando existe uma dist\u00e2ncia grande entre discurso e realidade.<\/p>\n\n\n\n<h2 class=\"wp-block-heading\">O colaborador tamb\u00e9m \u00e9 parte da marca<\/h2>\n\n\n\n<p>Quando pensamos em comunica\u00e7\u00e3o de marca, normalmente olhamos para publicidade, redes sociais, site, campanhas e relacionamento com clientes.<\/p>\n\n\n\n<p>Mas a experi\u00eancia de uma marca tamb\u00e9m \u00e9 constru\u00edda por quem est\u00e1 dentro dela.<\/p>\n\n\n\n<p>Um funcion\u00e1rio que entende os valores da empresa, acredita no que ela faz e percebe coer\u00eancia entre discurso e pr\u00e1tica tende a falar sobre essa experi\u00eancia. Pode recomendar a empresa, comentar positivamente nas redes sociais, indicar profissionais, falar sobre o ambiente de trabalho e transmitir confian\u00e7a para clientes e parceiros.<\/p>\n\n\n\n<p>O contr\u00e1rio tamb\u00e9m acontece.<\/p>\n\n\n\n<p>Uma campanha pode dizer que a empresa valoriza a diversidade, enquanto os colaboradores n\u00e3o percebem essa preocupa\u00e7\u00e3o na pr\u00e1tica. Um relat\u00f3rio pode destacar compromissos de ESG, enquanto internamente ningu\u00e9m sabe explicar quais s\u00e3o as iniciativas da organiza\u00e7\u00e3o. Uma empresa pode falar sobre \u00e9tica e transpar\u00eancia, mas n\u00e3o comunicar adequadamente seus canais de den\u00fancia ou suas pol\u00edticas de Compliance.<\/p>\n\n\n\n<p><strong>\u00c9 muito dif\u00edcil construir uma reputa\u00e7\u00e3o consistente quando a comunica\u00e7\u00e3o externa diz uma coisa e a experi\u00eancia interna mostra outra.<\/strong><\/p>\n\n\n\n<p>E \u00e9 justamente nesse espa\u00e7o que o endomarketing ganha import\u00e2ncia.<\/p>\n\n\n\n<h2 class=\"wp-block-heading\">Endomarketing n\u00e3o \u00e9 apenas campanha de Dia das M\u00e3es<\/h2>\n\n\n\n<p>O conceito de endomarketing muitas vezes ainda \u00e9 associado a a\u00e7\u00f5es internas pontuais: comemora\u00e7\u00f5es, brindes, campanhas motivacionais ou comunicados.<\/p>\n\n\n\n<p>Essas iniciativas podem fazer sentido, mas a comunica\u00e7\u00e3o interna estrat\u00e9gica precisa ajudar os colaboradores a compreender:<\/p>\n\n\n\n<ul class=\"wp-block-list\">\n<li>quais s\u00e3o os valores da empresa;<\/li>\n\n\n\n<li>qual \u00e9 o posicionamento da organiza\u00e7\u00e3o;<\/li>\n\n\n\n<li>como a empresa toma decis\u00f5es;<\/li>\n\n\n\n<li>quais comportamentos fazem parte da cultura;<\/li>\n\n\n\n<li>quais s\u00e3o seus compromissos sociais e ambientais;<\/li>\n\n\n\n<li>quais pol\u00edticas e normas devem ser seguidas;<\/li>\n\n\n\n<li>e qual \u00e9 o papel de cada pessoa nessa constru\u00e7\u00e3o.<\/li>\n<\/ul>\n\n\n\n<p>Ou seja, <strong>endomarketing tamb\u00e9m \u00e9 traduzir os atributos da empresa para dentro da organiza\u00e7\u00e3o<\/strong>.<\/p>\n\n\n\n<h2 class=\"wp-block-heading\">ESG tamb\u00e9m precisa acontecer dentro de casa<\/h2>\n\n\n\n<p>ESG \u00e9 um bom exemplo dessa mudan\u00e7a.<\/p>\n\n\n\n<p>Durante algum tempo, sustentabilidade, responsabilidade social e governan\u00e7a eram temas muito associados \u00e0 comunica\u00e7\u00e3o institucional e aos relat\u00f3rios corporativos.<\/p>\n\n\n\n<p>Hoje, por\u00e9m, cada vez mais empresas entendem que essas quest\u00f5es precisam fazer parte da cultura.<\/p>\n\n\n\n<p>Se uma organiza\u00e7\u00e3o possui metas ambientais, por exemplo, os colaboradores precisam saber quais s\u00e3o essas metas e como elas se relacionam com suas atividades.<\/p>\n\n\n\n<p>Se existe um programa de diversidade e inclus\u00e3o, \u00e9 importante explicar seus objetivos e criar espa\u00e7os para que as pessoas entendam como a empresa pretende avan\u00e7ar.<\/p>\n\n\n\n<p>Se existe uma pol\u00edtica de governan\u00e7a ou uma s\u00e9rie de compromissos relacionados \u00e0 \u00e9tica, isso tamb\u00e9m precisa fazer parte da comunica\u00e7\u00e3o cotidiana.<\/p>\n\n\n\n<p>N\u00e3o basta <strong>ter uma pol\u00edtica<\/strong>. \u00c9 preciso fazer com que ela seja conhecida, compreendida e incorporada.<\/p>\n\n\n\n<h2 class=\"wp-block-heading\">Compliance: do documento para a rotina<\/h2>\n\n\n\n<p>O mesmo racioc\u00ednio vale para o <strong>Compliance<\/strong>.<\/p>\n\n\n\n<p>Um C\u00f3digo de Conduta pode ser um documento fundamental para uma organiza\u00e7\u00e3o, mas dificilmente uma cultura de integridade ser\u00e1 constru\u00edda apenas porque o documento est\u00e1 dispon\u00edvel na intranet.<\/p>\n\n\n\n<p>\u00c9 preciso comunicar.<\/p>\n\n\n\n<p>Explicar situa\u00e7\u00f5es pr\u00e1ticas. Refor\u00e7ar comportamentos. Apresentar os canais dispon\u00edveis. Esclarecer d\u00favidas. Mostrar que determinadas regras n\u00e3o existem apenas para cumprir uma obriga\u00e7\u00e3o, mas para proteger pessoas e a pr\u00f3pria organiza\u00e7\u00e3o.<\/p>\n\n\n\n<p>Uma comunica\u00e7\u00e3o interna bem constru\u00edda pode transformar um assunto t\u00e9cnico em conte\u00fado acess\u00edvel.<\/p>\n\n\n\n<p>Pode, por exemplo, criar uma s\u00e9rie de conte\u00fados sobre situa\u00e7\u00f5es que fazem parte da rotina dos colaboradores: o que fazer diante de um conflito de interesses? Como utilizar corretamente informa\u00e7\u00f5es confidenciais? Quando uma situa\u00e7\u00e3o deve ser comunicada? Como funciona um canal de den\u00fancia?<\/p>\n\n\n\n<p>Quanto mais pr\u00f3ximo da realidade, maior a possibilidade de o conte\u00fado ser compreendido e aplicado.<\/p>\n\n\n\n<h2 class=\"wp-block-heading\">NR-1 e os novos desafios da comunica\u00e7\u00e3o corporativa<\/h2>\n\n\n\n<p>A <strong>NR-1<\/strong> tamb\u00e9m mostra como determinados assuntos passaram a exigir uma comunica\u00e7\u00e3o interna mais cuidadosa.<\/p>\n\n\n\n<p>Com a aten\u00e7\u00e3o crescente aos riscos psicossociais relacionados ao trabalho, temas como sa\u00fade mental, ass\u00e9dio, viol\u00eancia, sobrecarga e organiza\u00e7\u00e3o do trabalho ganharam espa\u00e7o nas discuss\u00f5es corporativas.<\/p>\n\n\n\n<p>Nesse contexto, informar n\u00e3o \u00e9 simplesmente enviar um comunicado.<\/p>\n\n\n\n<p>\u00c9 preciso criar uma comunica\u00e7\u00e3o respons\u00e1vel, clara e adequada ao p\u00fablico, que ajude as pessoas a compreender os temas, reconhecer situa\u00e7\u00f5es de risco e saber quais caminhos existem dentro da organiza\u00e7\u00e3o.<\/p>\n\n\n\n<p>A comunica\u00e7\u00e3o passa, portanto, a fazer parte de uma estrat\u00e9gia mais ampla de <strong>preven\u00e7\u00e3o, conscientiza\u00e7\u00e3o e cuidado<\/strong>.<\/p>\n\n\n\n<h2 class=\"wp-block-heading\">Um caso que acompanhamos de perto: o endomarketing no PASI<\/h2>\n\n\n\n<p>No Est\u00fadio Letras, temos a oportunidade de acompanhar de perto um exemplo concreto de como a comunica\u00e7\u00e3o interna pode funcionar como ferramenta de integra\u00e7\u00e3o.<\/p>\n\n\n\n<p>Somos respons\u00e1veis pela produ\u00e7\u00e3o do Circulando, <strong>peri\u00f3dico digital interno do PASI<\/strong>, empresa brasileira que atua no mercado de seguros e tem como prop\u00f3sito oferecer prote\u00e7\u00e3o, amparo e bem-estar \u00e0s pessoas.<\/p>\n\n\n\n<p>A revista \u00e9 publicada mensalmente e funciona como um canal para aproximar os colaboradores da empresa, dando visibilidade \u00e0s pessoas, aos projetos e \u00e0s iniciativas que fazem parte do dia a dia da organiza\u00e7\u00e3o.<\/p>\n\n\n\n<p>E h\u00e1 algo que consideramos especialmente interessante nesse projeto: <strong>a empresa d\u00e1 voz aos pr\u00f3prios colaboradores<\/strong>.<\/p>\n\n\n\n<p>A cada edi\u00e7\u00e3o, pessoas de diferentes \u00e1reas podem aparecer, contar suas hist\u00f3rias, compartilhar experi\u00eancias e participar dos conte\u00fados. A revista tamb\u00e9m apresenta benef\u00edcios, novidades, lan\u00e7amentos e iniciativas internas.<\/p>\n\n\n\n<p>Na pr\u00e1tica, ela funciona como uma esp\u00e9cie de ponto de encontro.<\/p>\n\n\n\n<p>\u00c9 um espa\u00e7o em que diferentes \u00e1reas conseguem saber o que est\u00e1 acontecendo na organiza\u00e7\u00e3o, conhecer melhor os colegas e compreender como os diferentes projetos se conectam.<\/p>\n\n\n\n<p>Isso \u00e9 endomarketing na pr\u00e1tica.<\/p>\n\n\n\n<p>N\u00e3o se trata apenas de produzir uma revista bonita ou de preencher um calend\u00e1rio editorial. Trata-se de criar um <strong>canal de integra\u00e7\u00e3o e pertencimento<\/strong>.<\/p>\n\n\n\n<h2 class=\"wp-block-heading\">Quando o benef\u00edcio tamb\u00e9m precisa ser comunicado<\/h2>\n\n\n\n<p>A experi\u00eancia com o <a href=\"http:\/\/pasi.com.br\" data-type=\"link\" data-id=\"pasi.com.br\" target=\"_blank\" rel=\"noopener\">PASI<\/a> tamb\u00e9m nos permite observar outro aspecto importante da comunica\u00e7\u00e3o interna: muitas empresas oferecem um verdadeiro ecossistema de solu\u00e7\u00f5es para seus colaboradores, mas nem sempre essas solu\u00e7\u00f5es s\u00e3o conhecidas ou utilizadas em todo o seu potencial.<\/p>\n\n\n\n<p>No caso do PASI, o ecossistema inclui diferentes coberturas, benef\u00edcios e assist\u00eancias que v\u00e3o muito al\u00e9m do seguro de vida tradicional.<\/p>\n\n\n\n<p>H\u00e1, por exemplo, <strong>Assist\u00eancia Fitness, Assist\u00eancia Nutricional, Assist\u00eancia Psicol\u00f3gica, Assist\u00eancia Social, Cesta Natalidade, B\u00f4nus por Nascimento, aux\u00edlio alimenta\u00e7\u00e3o e assist\u00eancia funeral<\/strong>, entre outras solu\u00e7\u00f5es.<\/p>\n\n\n\n<p>Tamb\u00e9m h\u00e1 solu\u00e7\u00f5es relacionadas a desafios atuais das organiza\u00e7\u00f5es, como o <strong><a href=\"https:\/\/www.pasi.com.br\/pasi-nr-1\" data-type=\"link\" data-id=\"https:\/\/www.pasi.com.br\/pasi-nr-1\" target=\"_blank\" rel=\"noopener\">PASI NR-1<\/a><\/strong>, desenvolvido para apoiar as empresas na gest\u00e3o dos riscos psicossociais e integrar sa\u00fade mental, conformidade e gest\u00e3o.<\/p>\n\n\n\n<p>Para n\u00f3s, enquanto ag\u00eancia, isso refor\u00e7a uma quest\u00e3o importante: <strong>de que adianta uma empresa oferecer benef\u00edcios relevantes se as pessoas n\u00e3o sabem que eles existem, n\u00e3o entendem como funcionam ou n\u00e3o percebem seu valor?<\/strong><\/p>\n\n\n\n<p>A comunica\u00e7\u00e3o interna ajuda justamente a fazer essa ponte.<\/p>\n\n\n\n<p>Um benef\u00edcio deixa de ser apenas uma informa\u00e7\u00e3o no manual do colaborador e passa a fazer parte da experi\u00eancia quando \u00e9 apresentado de maneira clara, contextualizada e recorrente.<\/p>\n\n\n\n<h2 class=\"wp-block-heading\">Comunica\u00e7\u00e3o interna tamb\u00e9m \u00e9 uma forma de cuidar<\/h2>\n\n\n\n<p>Esse talvez seja um dos aspectos mais interessantes do endomarketing atual.<\/p>\n\n\n\n<p>Quando uma empresa comunica sobre sa\u00fade, seguran\u00e7a, benef\u00edcios, desenvolvimento profissional, apoio \u00e0 fam\u00edlia, sustentabilidade ou bem-estar, ela est\u00e1 mostrando, por meio da comunica\u00e7\u00e3o, <strong>quais atributos considera importantes<\/strong>.<\/p>\n\n\n\n<p>E uma organiza\u00e7\u00e3o que conversa de maneira transparente sobre temas como Compliance, ESG e sa\u00fade mental mostra que esses assuntos n\u00e3o existem apenas no discurso institucional.<\/p>\n\n\n\n<h2 class=\"wp-block-heading\">A comunica\u00e7\u00e3o precisa acompanhar o que a empresa \u00e9<\/h2>\n\n\n\n<p>Por isso, uma boa estrat\u00e9gia de <strong>endomarketing<\/strong> come\u00e7a antes da escolha do formato.<\/p>\n\n\n\n<p>Antes de pensar em uma newsletter, revista digital, v\u00eddeo, campanha ou mural interno, \u00e9 importante entender:<\/p>\n\n\n\n<p><strong>O que essa empresa valoriza?<\/strong><\/p>\n\n\n\n<p><strong>Quais s\u00e3o os atributos que precisam estar presentes na experi\u00eancia dos colaboradores?<\/strong><\/p>\n\n\n\n<p><strong>O que as pessoas precisam saber?<\/strong><\/p>\n\n\n\n<p><strong>E o que a empresa gostaria que elas percebessem sobre fazer parte daquela organiza\u00e7\u00e3o?<\/strong><\/p>\n\n\n\n<p>A partir dessas respostas, o conte\u00fado passa a ter uma fun\u00e7\u00e3o muito mais estrat\u00e9gica.<\/p>\n\n\n\n<p>No Est\u00fadio Letras, produzimos conte\u00fados sobre <strong>ESG, Compliance, NR-1, cultura organizacional, sa\u00fade, seguran\u00e7a e responsabilidade corporativa<\/strong> para empresas de diferentes setores, tanto no Brasil quanto em Portugal.<\/p>\n\n\n\n<p>Em muitos desses projetos, nosso trabalho \u00e9 justamente transformar assuntos complexos em conte\u00fados claros, interessantes e adequados para diferentes p\u00fablicos.<\/p>\n\n\n\n<h2 class=\"wp-block-heading\">No fim, quem fala sobre a empresa importa<\/h2>\n\n\n\n<p>A reputa\u00e7\u00e3o de uma organiza\u00e7\u00e3o n\u00e3o \u00e9 constru\u00edda apenas pelo que ela publica, mas tamb\u00e9m pelo que as pessoas que trabalham ali contam. O colaborador \u00e9, muitas vezes, o primeiro p\u00fablico da marca e um dos seus principais pontos de contato com o mundo.<\/p>\n\n\n\n<p>Por isso, investir em <strong>comunica\u00e7\u00e3o interna e endomarketing<\/strong> n\u00e3o significa apenas manter uma equipe informada.<\/p>\n\n\n\n<p>Significa criar <a href=\"https:\/\/estudioletras.com\/pt\/\" data-type=\"link\" data-id=\"https:\/\/estudioletras.com\/\">uma comunica\u00e7\u00e3o capaz de aproximar pessoas<\/a>, refor\u00e7ar a cultura, dar visibilidade aos atributos da empresa e diminuir a dist\u00e2ncia entre aquilo que a organiza\u00e7\u00e3o diz ser e aquilo que as pessoas realmente vivem.<\/p>\n\n\n\n<p>A verdade \u00e9 que n\u00e3o<strong> existe comunica\u00e7\u00e3o externa suficientemente forte para compensar uma experi\u00eancia interna que contradiz a promessa da marca<\/strong>. E quando existe coer\u00eancia entre discurso, cultura e experi\u00eancia, os pr\u00f3prios colaboradores podem se tornar aquilo que nenhuma campanha consegue fabricar: <strong>porta-vozes genu\u00ednos da empresa.<\/strong><\/p>","protected":false},"excerpt":{"rendered":"<p>Uma empresa pode investir milh\u00f5es em publicidade para dizer ao mercado que valoriza as pessoas, a sustentabilidade, a \u00e9tica e a inova\u00e7\u00e3o. Mas existe um p\u00fablico que conhece essa empresa de uma forma muito mais profunda: quem trabalha nela. S\u00e3o os colaboradores que vivem a cultura organizacional todos os dias. Que conhecem os processos, percebem [&hellip;]<\/p>","protected":false},"author":1,"featured_media":3567,"comment_status":"closed","ping_status":"closed","sticky":false,"template":"","format":"standard","meta":{"_acf_changed":false,"_joinchat":[],"footnotes":""},"categories":[1],"tags":[],"class_list":["post-3566","post","type-post","status-publish","format-standard","has-post-thumbnail","hentry","category-blog"],"acf":[],"_links":{"self":[{"href":"https:\/\/estudioletras.com\/pt\/wp-json\/wp\/v2\/posts\/3566","targetHints":{"allow":["GET"]}}],"collection":[{"href":"https:\/\/estudioletras.com\/pt\/wp-json\/wp\/v2\/posts"}],"about":[{"href":"https:\/\/estudioletras.com\/pt\/wp-json\/wp\/v2\/types\/post"}],"author":[{"embeddable":true,"href":"https:\/\/estudioletras.com\/pt\/wp-json\/wp\/v2\/users\/1"}],"replies":[{"embeddable":true,"href":"https:\/\/estudioletras.com\/pt\/wp-json\/wp\/v2\/comments?post=3566"}],"version-history":[{"count":2,"href":"https:\/\/estudioletras.com\/pt\/wp-json\/wp\/v2\/posts\/3566\/revisions"}],"predecessor-version":[{"id":3569,"href":"https:\/\/estudioletras.com\/pt\/wp-json\/wp\/v2\/posts\/3566\/revisions\/3569"}],"wp:featuredmedia":[{"embeddable":true,"href":"https:\/\/estudioletras.com\/pt\/wp-json\/wp\/v2\/media\/3567"}],"wp:attachment":[{"href":"https:\/\/estudioletras.com\/pt\/wp-json\/wp\/v2\/media?parent=3566"}],"wp:term":[{"taxonomy":"category","embeddable":true,"href":"https:\/\/estudioletras.com\/pt\/wp-json\/wp\/v2\/categories?post=3566"},{"taxonomy":"post_tag","embeddable":true,"href":"https:\/\/estudioletras.com\/pt\/wp-json\/wp\/v2\/tags?post=3566"}],"curies":[{"name":"wp","href":"https:\/\/api.w.org\/{rel}","templated":true}]}}